{"id":4598,"date":"2022-03-08T13:00:08","date_gmt":"2022-03-08T12:00:08","guid":{"rendered":"https:\/\/greenbizz.brussels\/2022\/03\/08\/celebrons-les-femmes-entrepreneures-de-greenbizz-3\/"},"modified":"2022-03-08T13:00:08","modified_gmt":"2022-03-08T12:00:08","slug":"celebrons-les-femmes-entrepreneures-de-greenbizz-3","status":"publish","type":"post","link":"https:\/\/greenbizz.brussels\/fr\/2022\/03\/08\/celebrons-les-femmes-entrepreneures-de-greenbizz-3\/","title":{"rendered":"C\u00e9l\u00e9brons les femmes entrepreneures de Greenbizz !"},"content":{"rendered":"<p><strong>En cette journ\u00e9e internationale de la femme nous souhaitons c\u00e9l\u00e9brer les femmes entrepreneures et en particulier celles qui travaillent au sein de Greenbizz.<\/strong><\/p>\n<p>Elles dirigent, seules ou en bin\u00f4me, 9 des 40 startups pr\u00e9sentes dans notre incubateur, soit moins d\u2019un quart de nos entreprises. C\u2019est peu\u2026 c\u2019est pourquoi leur parcours m\u00e9rite d\u2019\u00eatre mis en lumi\u00e8re afin d\u2019inspirer d\u2019autres femmes \u00e0 se lancer\u00a0!<\/p>\n<blockquote><p><em>Je vois du potentiel partout\u00a0! En tant qu&#8217;entrepreneure, nous avons le pouvoir et la responsabilit\u00e9 de faire une diff\u00e9rence significative, sur le plan social, pour nos clients et pour nos coll\u00e8gues <\/em>(Mara \u2013 Fondatrice de Visuality)<\/p><\/blockquote>\n<p>Les raisons qui les ont pouss\u00e9es \u00e0 se lancer \u00e0 leur propre compte sont les m\u00eames que tout entrepreneur\u00a0: le besoin d\u2019ind\u00e9pendance, la volont\u00e9 de transmettre leur savoir, apporter du changement et l\u2019envie de libert\u00e9.<\/p>\n<p>N\u00e9anmoins, le fait d\u2019\u00eatre femme entrepreneure leur demande aujourd\u2019hui de s\u2019adapter \u00e0 une soci\u00e9t\u00e9 qui consid\u00e8re encore que l\u2019entrepreneuriat est l\u2019apanage des hommes. Si trouver un \u00e9quilibre entre sa vie priv\u00e9e et sa vie professionnelle est un challenge pour tous les entrepreneurs, il rel\u00e8ve du d\u00e9fi pour les femmes.<\/p>\n<p>Pourtant quelques changements simples pourraient \u00eatre mis en place pour am\u00e9liorer leur quotidien et permettre \u00e0 de nombreuses femmes de franchir le pas de l\u2019entrepreneuriat. Nos incub\u00e9es nous donnent quelques id\u00e9es concr\u00e8tes\u00a0: centraliser les activit\u00e9s extrascolaires autour des \u00e9coles afin d\u2019en faciliter l\u2019acc\u00e8s aux enfants, faire des actions de sensibilisation et de motivation et normaliser la place de la femme au sein de l\u2019entrepreneuriat.<\/p>\n<blockquote><p><em>\u00catre entrepreneure est une attitude, une hygi\u00e8ne de vie. Alors suivez votre instinct\u00a0! (Sara \u2013 Fondatrice de BeCook!)<\/em><\/p><\/blockquote>\n<p>&nbsp;<\/p>\n<p>&nbsp;<\/p>\n<p>&nbsp;<\/p>\n<hr \/>\n<p>Sur la photo, de gauche \u00e0 droite, de haut en bas: Elien Achitenko &#8211; Architenko, Agnieszka Gansiniec &#8211; D44 architecture, Chaimae Tazi &#8211; Reconfort+, Fatima Guesmi &#8211; Handassa Office, Aur\u00e9lie Mertens &#8211; Citaverdi, Victoria Diyakova, R\u00e9confort+, Sara Dirkx &#8211; BeCook!, Catarina Gu\u00e9ben &#8211; Eugeos, Nathalie Malanda &#8211; NM Legal, Mara Callaert &#8211; Visuality<\/p>\n<div id=\"ConnectiveDocSignExtentionInstalled\" data-extension-version=\"1.0.4\"><\/div>\n","protected":false},"excerpt":{"rendered":"<p>En cette journ\u00e9e internationale de la femme nous souhaitons c\u00e9l\u00e9brer les femmes entrepreneures et en particulier celles qui travaillent au sein de Greenbizz. Elles dirigent, seules ou en bin\u00f4me, 9 des 40 startups pr\u00e9sentes dans notre incubateur, soit moins d\u2019un quart de nos entreprises. C\u2019est peu\u2026 c\u2019est pourquoi leur parcours m\u00e9rite d\u2019\u00eatre mis en lumi\u00e8re [&hellip;]<\/p>\n","protected":false},"author":4,"featured_media":4261,"comment_status":"open","ping_status":"open","sticky":false,"template":"","format":"standard","meta":{"_et_pb_use_builder":"","_et_pb_old_content":"","_et_gb_content_width":"","inline_featured_image":false,"footnotes":""},"categories":[],"tags":[],"class_list":["post-4598","post","type-post","status-publish","format-standard","has-post-thumbnail","hentry"],"yoast_head":"<!-- This site is optimized with the Yoast SEO plugin v21.3 - https:\/\/yoast.com\/wordpress\/plugins\/seo\/ -->\n<title>C\u00e9l\u00e9brons les femmes entrepreneures de Greenbizz ! - Greenbizz<\/title>\n<meta name=\"robots\" content=\"index, follow, max-snippet:-1, max-image-preview:large, max-video-preview:-1\" \/>\n<link rel=\"canonical\" href=\"https:\/\/greenbizz.brussels\/fr\/2022\/03\/08\/celebrons-les-femmes-entrepreneures-de-greenbizz-3\/\" \/>\n<meta property=\"og:locale\" content=\"fr_FR\" \/>\n<meta property=\"og:type\" content=\"article\" \/>\n<meta property=\"og:title\" content=\"C\u00e9l\u00e9brons les femmes entrepreneures de Greenbizz ! - Greenbizz\" \/>\n<meta property=\"og:description\" content=\"En cette journ\u00e9e internationale de la femme nous souhaitons c\u00e9l\u00e9brer les femmes entrepreneures et en particulier celles qui travaillent au sein de Greenbizz. Elles dirigent, seules ou en bin\u00f4me, 9 des 40 startups pr\u00e9sentes dans notre incubateur, soit moins d\u2019un quart de nos entreprises. C\u2019est peu\u2026 c\u2019est pourquoi leur parcours m\u00e9rite d\u2019\u00eatre mis en lumi\u00e8re [&hellip;]\" \/>\n<meta property=\"og:url\" content=\"https:\/\/greenbizz.brussels\/fr\/2022\/03\/08\/celebrons-les-femmes-entrepreneures-de-greenbizz-3\/\" \/>\n<meta property=\"og:site_name\" content=\"Greenbizz\" \/>\n<meta property=\"article:publisher\" content=\"https:\/\/www.facebook.com\/greenbizzbrussels\/\" \/>\n<meta property=\"article:published_time\" content=\"2022-03-08T12:00:08+00:00\" \/>\n<meta property=\"og:image\" content=\"https:\/\/greenbizz.brussels\/wp-content\/uploads\/2023\/05\/womens-day-e1646744390942.png\" \/>\n\t<meta property=\"og:image:width\" content=\"750\" \/>\n\t<meta property=\"og:image:height\" content=\"489\" \/>\n\t<meta property=\"og:image:type\" content=\"image\/png\" \/>\n<meta name=\"author\" content=\"Andrea Beugre\" \/>\n<meta name=\"twitter:card\" content=\"summary_large_image\" \/>\n<meta name=\"twitter:label1\" content=\"\u00c9crit par\" \/>\n\t<meta name=\"twitter:data1\" content=\"Andrea Beugre\" \/>\n\t<meta name=\"twitter:label2\" content=\"Dur\u00e9e de lecture estim\u00e9e\" \/>\n\t<meta name=\"twitter:data2\" content=\"2 minutes\" \/>\n<script type=\"application\/ld+json\" class=\"yoast-schema-graph\">{\"@context\":\"https:\/\/schema.org\",\"@graph\":[{\"@type\":\"Article\",\"@id\":\"https:\/\/greenbizz.brussels\/fr\/2022\/03\/08\/celebrons-les-femmes-entrepreneures-de-greenbizz-3\/#article\",\"isPartOf\":{\"@id\":\"https:\/\/greenbizz.brussels\/fr\/2022\/03\/08\/celebrons-les-femmes-entrepreneures-de-greenbizz-3\/\"},\"author\":{\"name\":\"Andrea Beugre\",\"@id\":\"https:\/\/greenbizz.brussels\/fr\/#\/schema\/person\/d21279063a8f3b02a0a622a8f940ac89\"},\"headline\":\"C\u00e9l\u00e9brons les femmes entrepreneures de Greenbizz !\",\"datePublished\":\"2022-03-08T12:00:08+00:00\",\"dateModified\":\"2022-03-08T12:00:08+00:00\",\"mainEntityOfPage\":{\"@id\":\"https:\/\/greenbizz.brussels\/fr\/2022\/03\/08\/celebrons-les-femmes-entrepreneures-de-greenbizz-3\/\"},\"wordCount\":364,\"commentCount\":0,\"publisher\":{\"@id\":\"https:\/\/greenbizz.brussels\/fr\/#organization\"},\"inLanguage\":\"fr-FR\",\"potentialAction\":[{\"@type\":\"CommentAction\",\"name\":\"Comment\",\"target\":[\"https:\/\/greenbizz.brussels\/fr\/2022\/03\/08\/celebrons-les-femmes-entrepreneures-de-greenbizz-3\/#respond\"]}]},{\"@type\":\"WebPage\",\"@id\":\"https:\/\/greenbizz.brussels\/fr\/2022\/03\/08\/celebrons-les-femmes-entrepreneures-de-greenbizz-3\/\",\"url\":\"https:\/\/greenbizz.brussels\/fr\/2022\/03\/08\/celebrons-les-femmes-entrepreneures-de-greenbizz-3\/\",\"name\":\"C\u00e9l\u00e9brons les femmes entrepreneures de Greenbizz ! - Greenbizz\",\"isPartOf\":{\"@id\":\"https:\/\/greenbizz.brussels\/fr\/#website\"},\"datePublished\":\"2022-03-08T12:00:08+00:00\",\"dateModified\":\"2022-03-08T12:00:08+00:00\",\"breadcrumb\":{\"@id\":\"https:\/\/greenbizz.brussels\/fr\/2022\/03\/08\/celebrons-les-femmes-entrepreneures-de-greenbizz-3\/#breadcrumb\"},\"inLanguage\":\"fr-FR\",\"potentialAction\":[{\"@type\":\"ReadAction\",\"target\":[\"https:\/\/greenbizz.brussels\/fr\/2022\/03\/08\/celebrons-les-femmes-entrepreneures-de-greenbizz-3\/\"]}]},{\"@type\":\"BreadcrumbList\",\"@id\":\"https:\/\/greenbizz.brussels\/fr\/2022\/03\/08\/celebrons-les-femmes-entrepreneures-de-greenbizz-3\/#breadcrumb\",\"itemListElement\":[{\"@type\":\"ListItem\",\"position\":1,\"name\":\"Accueil\",\"item\":\"https:\/\/greenbizz.brussels\/fr\/\"},{\"@type\":\"ListItem\",\"position\":2,\"name\":\"C\u00e9l\u00e9brons les femmes entrepreneures de Greenbizz !\"}]},{\"@type\":\"WebSite\",\"@id\":\"https:\/\/greenbizz.brussels\/fr\/#website\",\"url\":\"https:\/\/greenbizz.brussels\/fr\/\",\"name\":\"Greenbizz \u2013 le All-in-One pour ton initiative durable\",\"description\":\"Where sustainable business grows\",\"publisher\":{\"@id\":\"https:\/\/greenbizz.brussels\/fr\/#organization\"},\"potentialAction\":[{\"@type\":\"SearchAction\",\"target\":{\"@type\":\"EntryPoint\",\"urlTemplate\":\"https:\/\/greenbizz.brussels\/fr\/?s={search_term_string}\"},\"query-input\":\"required name=search_term_string\"}],\"inLanguage\":\"fr-FR\"},{\"@type\":\"Organization\",\"@id\":\"https:\/\/greenbizz.brussels\/fr\/#organization\",\"name\":\"Greenbizz.brussels\",\"url\":\"https:\/\/greenbizz.brussels\/fr\/\",\"logo\":{\"@type\":\"ImageObject\",\"inLanguage\":\"fr-FR\",\"@id\":\"https:\/\/greenbizz.brussels\/fr\/#\/schema\/logo\/image\/\",\"url\":\"https:\/\/greenbizz.brussels\/wp-content\/uploads\/2023\/05\/GREENBIZZ_SVG.svg\",\"contentUrl\":\"https:\/\/greenbizz.brussels\/wp-content\/uploads\/2023\/05\/GREENBIZZ_SVG.svg\",\"width\":\"1024\",\"height\":\"1024\",\"caption\":\"Greenbizz.brussels\"},\"image\":{\"@id\":\"https:\/\/greenbizz.brussels\/fr\/#\/schema\/logo\/image\/\"},\"sameAs\":[\"https:\/\/www.facebook.com\/greenbizzbrussels\/\",\"https:\/\/www.instagram.com\/greenbizz.brussels\/\"]},{\"@type\":\"Person\",\"@id\":\"https:\/\/greenbizz.brussels\/fr\/#\/schema\/person\/d21279063a8f3b02a0a622a8f940ac89\",\"name\":\"Andrea Beugre\",\"image\":{\"@type\":\"ImageObject\",\"inLanguage\":\"fr-FR\",\"@id\":\"https:\/\/greenbizz.brussels\/fr\/#\/schema\/person\/image\/\",\"url\":\"https:\/\/secure.gravatar.com\/avatar\/b4699644598d428e7b26d62eea8b7a644008690e8b277f0f1f65c856db4f8354?s=96&d=mm&r=g\",\"contentUrl\":\"https:\/\/secure.gravatar.com\/avatar\/b4699644598d428e7b26d62eea8b7a644008690e8b277f0f1f65c856db4f8354?s=96&d=mm&r=g\",\"caption\":\"Andrea Beugre\"},\"sameAs\":[\"http:\/\/greenbizz.brussels\"],\"url\":\"https:\/\/greenbizz.brussels\/fr\/author\/andrea\/\"}]}<\/script>\n<!-- \/ Yoast SEO plugin. -->","yoast_head_json":{"title":"C\u00e9l\u00e9brons les femmes entrepreneures de Greenbizz ! - Greenbizz","robots":{"index":"index","follow":"follow","max-snippet":"max-snippet:-1","max-image-preview":"max-image-preview:large","max-video-preview":"max-video-preview:-1"},"canonical":"https:\/\/greenbizz.brussels\/fr\/2022\/03\/08\/celebrons-les-femmes-entrepreneures-de-greenbizz-3\/","og_locale":"fr_FR","og_type":"article","og_title":"C\u00e9l\u00e9brons les femmes entrepreneures de Greenbizz ! - Greenbizz","og_description":"En cette journ\u00e9e internationale de la femme nous souhaitons c\u00e9l\u00e9brer les femmes entrepreneures et en particulier celles qui travaillent au sein de Greenbizz. Elles dirigent, seules ou en bin\u00f4me, 9 des 40 startups pr\u00e9sentes dans notre incubateur, soit moins d\u2019un quart de nos entreprises. C\u2019est peu\u2026 c\u2019est pourquoi leur parcours m\u00e9rite d\u2019\u00eatre mis en lumi\u00e8re [&hellip;]","og_url":"https:\/\/greenbizz.brussels\/fr\/2022\/03\/08\/celebrons-les-femmes-entrepreneures-de-greenbizz-3\/","og_site_name":"Greenbizz","article_publisher":"https:\/\/www.facebook.com\/greenbizzbrussels\/","article_published_time":"2022-03-08T12:00:08+00:00","og_image":[{"width":750,"height":489,"url":"https:\/\/greenbizz.brussels\/wp-content\/uploads\/2023\/05\/womens-day-e1646744390942.png","type":"image\/png"}],"author":"Andrea Beugre","twitter_card":"summary_large_image","twitter_misc":{"\u00c9crit par":"Andrea Beugre","Dur\u00e9e de lecture estim\u00e9e":"2 minutes"},"schema":{"@context":"https:\/\/schema.org","@graph":[{"@type":"Article","@id":"https:\/\/greenbizz.brussels\/fr\/2022\/03\/08\/celebrons-les-femmes-entrepreneures-de-greenbizz-3\/#article","isPartOf":{"@id":"https:\/\/greenbizz.brussels\/fr\/2022\/03\/08\/celebrons-les-femmes-entrepreneures-de-greenbizz-3\/"},"author":{"name":"Andrea Beugre","@id":"https:\/\/greenbizz.brussels\/fr\/#\/schema\/person\/d21279063a8f3b02a0a622a8f940ac89"},"headline":"C\u00e9l\u00e9brons les femmes entrepreneures de Greenbizz !","datePublished":"2022-03-08T12:00:08+00:00","dateModified":"2022-03-08T12:00:08+00:00","mainEntityOfPage":{"@id":"https:\/\/greenbizz.brussels\/fr\/2022\/03\/08\/celebrons-les-femmes-entrepreneures-de-greenbizz-3\/"},"wordCount":364,"commentCount":0,"publisher":{"@id":"https:\/\/greenbizz.brussels\/fr\/#organization"},"inLanguage":"fr-FR","potentialAction":[{"@type":"CommentAction","name":"Comment","target":["https:\/\/greenbizz.brussels\/fr\/2022\/03\/08\/celebrons-les-femmes-entrepreneures-de-greenbizz-3\/#respond"]}]},{"@type":"WebPage","@id":"https:\/\/greenbizz.brussels\/fr\/2022\/03\/08\/celebrons-les-femmes-entrepreneures-de-greenbizz-3\/","url":"https:\/\/greenbizz.brussels\/fr\/2022\/03\/08\/celebrons-les-femmes-entrepreneures-de-greenbizz-3\/","name":"C\u00e9l\u00e9brons les femmes entrepreneures de Greenbizz ! - Greenbizz","isPartOf":{"@id":"https:\/\/greenbizz.brussels\/fr\/#website"},"datePublished":"2022-03-08T12:00:08+00:00","dateModified":"2022-03-08T12:00:08+00:00","breadcrumb":{"@id":"https:\/\/greenbizz.brussels\/fr\/2022\/03\/08\/celebrons-les-femmes-entrepreneures-de-greenbizz-3\/#breadcrumb"},"inLanguage":"fr-FR","potentialAction":[{"@type":"ReadAction","target":["https:\/\/greenbizz.brussels\/fr\/2022\/03\/08\/celebrons-les-femmes-entrepreneures-de-greenbizz-3\/"]}]},{"@type":"BreadcrumbList","@id":"https:\/\/greenbizz.brussels\/fr\/2022\/03\/08\/celebrons-les-femmes-entrepreneures-de-greenbizz-3\/#breadcrumb","itemListElement":[{"@type":"ListItem","position":1,"name":"Accueil","item":"https:\/\/greenbizz.brussels\/fr\/"},{"@type":"ListItem","position":2,"name":"C\u00e9l\u00e9brons les femmes entrepreneures de Greenbizz !"}]},{"@type":"WebSite","@id":"https:\/\/greenbizz.brussels\/fr\/#website","url":"https:\/\/greenbizz.brussels\/fr\/","name":"Greenbizz \u2013 le All-in-One pour ton initiative durable","description":"Where sustainable business grows","publisher":{"@id":"https:\/\/greenbizz.brussels\/fr\/#organization"},"potentialAction":[{"@type":"SearchAction","target":{"@type":"EntryPoint","urlTemplate":"https:\/\/greenbizz.brussels\/fr\/?s={search_term_string}"},"query-input":"required name=search_term_string"}],"inLanguage":"fr-FR"},{"@type":"Organization","@id":"https:\/\/greenbizz.brussels\/fr\/#organization","name":"Greenbizz.brussels","url":"https:\/\/greenbizz.brussels\/fr\/","logo":{"@type":"ImageObject","inLanguage":"fr-FR","@id":"https:\/\/greenbizz.brussels\/fr\/#\/schema\/logo\/image\/","url":"https:\/\/greenbizz.brussels\/wp-content\/uploads\/2023\/05\/GREENBIZZ_SVG.svg","contentUrl":"https:\/\/greenbizz.brussels\/wp-content\/uploads\/2023\/05\/GREENBIZZ_SVG.svg","width":"1024","height":"1024","caption":"Greenbizz.brussels"},"image":{"@id":"https:\/\/greenbizz.brussels\/fr\/#\/schema\/logo\/image\/"},"sameAs":["https:\/\/www.facebook.com\/greenbizzbrussels\/","https:\/\/www.instagram.com\/greenbizz.brussels\/"]},{"@type":"Person","@id":"https:\/\/greenbizz.brussels\/fr\/#\/schema\/person\/d21279063a8f3b02a0a622a8f940ac89","name":"Andrea Beugre","image":{"@type":"ImageObject","inLanguage":"fr-FR","@id":"https:\/\/greenbizz.brussels\/fr\/#\/schema\/person\/image\/","url":"https:\/\/secure.gravatar.com\/avatar\/b4699644598d428e7b26d62eea8b7a644008690e8b277f0f1f65c856db4f8354?s=96&d=mm&r=g","contentUrl":"https:\/\/secure.gravatar.com\/avatar\/b4699644598d428e7b26d62eea8b7a644008690e8b277f0f1f65c856db4f8354?s=96&d=mm&r=g","caption":"Andrea Beugre"},"sameAs":["http:\/\/greenbizz.brussels"],"url":"https:\/\/greenbizz.brussels\/fr\/author\/andrea\/"}]}},"_links":{"self":[{"href":"https:\/\/greenbizz.brussels\/fr\/wp-json\/wp\/v2\/posts\/4598","targetHints":{"allow":["GET"]}}],"collection":[{"href":"https:\/\/greenbizz.brussels\/fr\/wp-json\/wp\/v2\/posts"}],"about":[{"href":"https:\/\/greenbizz.brussels\/fr\/wp-json\/wp\/v2\/types\/post"}],"author":[{"embeddable":true,"href":"https:\/\/greenbizz.brussels\/fr\/wp-json\/wp\/v2\/users\/4"}],"replies":[{"embeddable":true,"href":"https:\/\/greenbizz.brussels\/fr\/wp-json\/wp\/v2\/comments?post=4598"}],"version-history":[{"count":0,"href":"https:\/\/greenbizz.brussels\/fr\/wp-json\/wp\/v2\/posts\/4598\/revisions"}],"wp:featuredmedia":[{"embeddable":true,"href":"https:\/\/greenbizz.brussels\/fr\/wp-json\/wp\/v2\/media\/4261"}],"wp:attachment":[{"href":"https:\/\/greenbizz.brussels\/fr\/wp-json\/wp\/v2\/media?parent=4598"}],"wp:term":[{"taxonomy":"category","embeddable":true,"href":"https:\/\/greenbizz.brussels\/fr\/wp-json\/wp\/v2\/categories?post=4598"},{"taxonomy":"post_tag","embeddable":true,"href":"https:\/\/greenbizz.brussels\/fr\/wp-json\/wp\/v2\/tags?post=4598"}],"curies":[{"name":"wp","href":"https:\/\/api.w.org\/{rel}","templated":true}]}}